{"id":510,"date":"2026-02-23T16:40:56","date_gmt":"2026-02-23T16:40:56","guid":{"rendered":"http:\/\/www.combactive.fr\/?p=510"},"modified":"2026-02-23T16:40:56","modified_gmt":"2026-02-23T16:40:56","slug":"rassemblement-anti-corrida-a-rodilhan","status":"publish","type":"post","link":"https:\/\/combactive.fr\/?p=510","title":{"rendered":"Rassemblement anti corrida \u00e0 Rodilhan"},"content":{"rendered":"<p>Article de Paris Match :\u00a0A Rodilhan,\u00a0les barbares ont montr\u00e9 toute l&rsquo;\u00e9tendue de leur violence.\u00bb Tel est l\u2019intitul\u00e9 du communiqu\u00e9 que nous a transmis Christophe Marie, directeur du bureau Protection animale de la Fondation Brigitte Bardot, apr\u00e8s avoir particip\u00e9, samedi, \u00e0 une manifestation anti-corrida qui a d\u00e9g\u00e9n\u00e9r\u00e9. Le collectif \u00abSauvons les animaux\u00bb avait donn\u00e9 rendez-vous aux militants d\u00e9fenseurs de la cause animale dans les ar\u00e8nes de Rodilhan, dans le Gard (\u00e0 quelques kilom\u00e8tres de N\u00eemes), o\u00f9 devait avoir lieu la finale du concours annuel \u00abGraines de tor\u00e9ros\u00bb, qui met en sc\u00e8ne de jeunes tor\u00e9ros affrontant des veaux. L\u2019action, pacifiste, devait consister \u00e0 attirer l\u2019attention sur leur cause, en brandissant des affiches, mais aussi et surtout \u00e0 emp\u00eacher la \u00abbecerrada\u00bb (corrida pratiqu\u00e9e sur de jeunes animaux, donc), via une cha\u00eene humaine form\u00e9e dans l\u2019ar\u00e8ne \u00e0 l\u2019aide notamment de c\u00e2bles de motos. Selon la Fondation, ils \u00e9taient \u00abpr\u00e8s de cent militants venus d&rsquo;un peu partout, y compris de Belgique\u00bb, \u00e0 avoir r\u00e9pondu \u00e0 l\u2019appel \u00abpour former une r\u00e9sistance citoyenne \u00e0 la torture animale\u00bb.<\/p>\n<p>Mais les aficionados de la tauromachie ne l\u2019ont pas entendu de cette oreille. La vid\u00e9o ci-dessous en t\u00e9moigne: ils s\u2019en sont pris sans concession aux \u00abperturbateurs\u00bb, les chassant \u00e0 coups de pieds, de poings, de crachats ou encore en les arrosant au K\u00e4rcher. Les manifestants, eux, encaissaient et r\u00e9sistaient sans broncher: ils avaient pour \u00abmot d\u2019ordre\u00bb de \u00abne pas r\u00e9pondre aux provocations\u00bb, indique le communiqu\u00e9.\u00a0\u00abAlors la haine des barbares s&rsquo;est montr\u00e9e avec toute sa f\u00e9rocit\u00e9, sa violence \u00e0 l&rsquo;encontre des animaux bien s\u00fbr mais aussi des militants sans aucune d\u00e9fense et qui ont \u00e9t\u00e9 rou\u00e9s de coups\u00bb, d\u00e9nonce le porte-parole de Brigitte Bardot. \u00abFace \u00e0 moi une jeune fille s&rsquo;est retrouv\u00e9e violent\u00e9e avec deux sadiques venus lui d\u00e9chirer ses v\u00eatements, arracher son soutien-gorge, tirer sur son pantalon, l&rsquo;asperger d&rsquo;eau comme nous tous\u00bb, s\u2019est-il indign\u00e9, saluant la \u00abdignit\u00e9 exemplaire\u00bb de la jeune femme face \u00e0 ces \u00abcoups\u00bb et \u00abgestes obsc\u00e8nes\u00bb. \u00abLa pagaille g\u00e9n\u00e9rale a permis \u00e9galement aux aficionados de voler ou casser des portables, des cam\u00e9ras mais aussi de molester le cameraman de France 3 qui a tr\u00e8s vite \u00e9t\u00e9 \u00e9ject\u00e9 hors des ar\u00e8nes\u00bb, raconte-t-il encore, toujours boulevers\u00e9 par la \u00abviolence\u00bb de cette r\u00e9action.<\/p>\n<p>&nbsp;<\/p>\n<p>\u00abLa torture n\u2019a pas sa place dans notre culture\u00bb<\/p>\n<p>\u00abNous sommes rest\u00e9s soud\u00e9s pendant 20 minutes au c\u0153ur des ar\u00e8nes, 20 minutes d&rsquo;une folie qu&rsquo;aucune image ne pourra retranscrire\u00bb, r\u00e9sume-t-il, regrettant n\u2019avoir constat\u00e9 \u00abaucune empathie\u00bb de la part du public, que nous entendons applaudir sur la vid\u00e9o. Apr\u00e8s quoi \u00abquelques chaines ont \u00e9t\u00e9 coup\u00e9es\u00bb, puis les d\u00e9fenseurs de la cause animale ont \u00ab\u00e9t\u00e9 train\u00e9s en groupe, certains \u00e9cras\u00e9s sous d&rsquo;autres, tir\u00e9s par les bras, les jambes, par les cheveux comme je l&rsquo;ai \u00e9t\u00e9, nos cha\u00eenes nous coupant la respiration\u00bb, poursuit Christophe Marie. Et de d\u00e9noncer le comportement des gendarmes, qui, une fois sur place, \u00abont assur\u00e9 le strict minimum\u00bb, pour ne pas dire \u00abrien du tout\u00bb, mais aussi des maires de N\u00eemes et de Rodilhan, qui sont rest\u00e9s passifs face \u00e0 la tournure de l\u2019\u00e9v\u00e9nement. Une vingtaine de militants ont \u00e9t\u00e9 bless\u00e9s, certains finissant aux urgences avec de \u00abgraves ecchymoses\u00bb, \u00abune cheville foul\u00e9e\u00bb ou encore \u00abune c\u00f4te cass\u00e9e\u00bb. \u00abLes tortionnaires se sont vraiment acharn\u00e9s sur quelques personnes, notamment des filles\u00bb, a soulign\u00e9 le bras droit de B.B. Des manifestants ont port\u00e9 plainte hier, et presque tous, au final, vont le faire, a-t-il pr\u00e9cis\u00e9. Malgr\u00e9 ce chaos, le \u00abspectacle\u00bb a eu lieu: \u00absix veaux ont \u00e9t\u00e9 tortur\u00e9s \u00e0 mort \u00e0 Rodilhan sous les applaudissements et la joie d&rsquo;une foule enivr\u00e9e de violence, pas seulement de violence&#8230;\u00bb<\/p>\n<p>Suite \u00e0 cet \u00abincident\u00bb, Brigitte Bardot a adress\u00e9 un courrier mercredi au ministre de la Culture, Fr\u00e9d\u00e9ric Mitterrand. \u00a0\u00abIl y a quelques mois, vous inscriviez \u00e0 l&rsquo;inventaire du patrimoine immat\u00e9riel fran\u00e7ais la corrida, consid\u00e9r\u00e9e pourtant sur le territoire national comme \u00e9tant un acte de cruaut\u00e9 puni de 2 ans d\u2019emprisonnement et 30 000 euros d\u2019amende\u00bb, introduit l\u2019ancienne actrice, aujourd\u2019hui totalement d\u00e9vou\u00e9e aux animaux. \u00abAujourd&rsquo;hui, je tiens \u00e0 vous alerter d&rsquo;une agression terrible, extr\u00eamement grave, indigne et d&rsquo;une l\u00e2chet\u00e9 effroyable. Les actes se sont d\u00e9roul\u00e9s pr\u00e8s de N\u00eemes, samedi dernier, dans les ar\u00e8nes de Rodilhan\u00bb, poursuit-elle, qualifiant l\u2019action des siens \u00abd\u2019acte de r\u00e9sistance et de bravoure face \u00e0 des gens anim\u00e9s par la haine, la perversit\u00e9 et la d\u00e9cadence de ces jeux du cirque qui ne devraient plus \u00eatre tol\u00e9r\u00e9s dans une soci\u00e9t\u00e9 qui se pr\u00e9tend civilis\u00e9e.\u00bb \u00abMonsieur le ministre, regardez la vid\u00e9o que je joins \u00e0 cette lettre, elle est \u00e9difiante!\u00bb, exhorte la pr\u00e9sidente fondatrice de la Fondation. \u00abLa violence est incroyable, inimaginable et pourtant elle redoublait sous les encouragements d&rsquo;une foule qui se croyait revenue au temps des romains en baissant le pousse pour encourager les tortionnaires et les appeler au meurtre&#8230; (\u2026) Voil\u00e0 le vrai visage de ces barbares. (\u2026)Tout ceci ne rel\u00e8ve pas du \u2018patrimoine culturel\u2019 de notre pays, c\u2019est la honte, la honte!\u00bb, s\u2019exclame-t-elle, l\u2019appelant \u00e0 retirer \u00abimp\u00e9rativement cette inscription indigne\u00bb de l&rsquo;inventaire du patrimoine immat\u00e9riel fran\u00e7ais. \u00abVotre oncle a aboli la peine de mort en France, il y a 30 ans, il serait plus que temps aujourd\u2019hui d\u2019abolir la torture animale!\u00bb, plaide-t-elle. Le 22 octobre, les \u00abassises de la tauromachie\u00bb se tiendront \u00e0 Bayonne. \u00abMonsieur le ministre, je vous demande de me soutenir, c\u2019est un appel que je vous lance car l\u2019heure est grave\u00bb, conclut Brigitte Bardot selon qui \u00abla torture n\u2019a pas sa place dans notre culture\u00bb.<\/p>\n<p><iframe loading=\"lazy\" src=\"http:\/\/www.dailymotion.com\/embed\/video\/xlk9jx\" height=\"270\" width=\"480\" allowfullscreen=\"\" frameborder=\"0\"><\/iframe><br \/>\n<a href=\"http:\/\/www.dailymotion.com\/video\/xlk9jx_rassemblement-anti-corrida-arene-rodilhan-08-10-11_news\" target=\"_blank\" rel=\"noopener\">Rassemblement anti corrida ar\u00e8ne rodilhan (08&#8230;<\/a> <i>par <a href=\"http:\/\/www.dailymotion.com\/licaon\" target=\"_blank\" rel=\"noopener\">licaon<\/a><\/i><\/p>\n","protected":false},"excerpt":{"rendered":"<p>Article de Paris Match :\u00a0A Rodilhan,\u00a0les barbares ont montr\u00e9 toute l&rsquo;\u00e9tendue de leur violence.\u00bb Tel est l\u2019intitul\u00e9 du communiqu\u00e9 que nous a transmis Christophe Marie, directeur du bureau Protection animale de la Fondation Brigitte Bardot, apr\u00e8s avoir particip\u00e9, samedi, \u00e0 une manifestation anti-corrida qui a d\u00e9g\u00e9n\u00e9r\u00e9. Le collectif \u00abSauvons les animaux\u00bb avait donn\u00e9 rendez-vous aux<a class=\"wp-block-latest-posts__read-more\" href=\"https:\/\/combactive.fr\/?p=510\"> Voir plus +<\/a><\/p>\n","protected":false},"author":1,"featured_media":22230,"comment_status":"closed","ping_status":"closed","sticky":false,"template":"","format":"standard","meta":{"_acf_changed":false,"footnotes":""},"categories":[5],"tags":[],"class_list":["post-510","post","type-post","status-publish","format-standard","has-post-thumbnail","hentry","category-corrida"],"acf":[],"_links":{"self":[{"href":"https:\/\/combactive.fr\/index.php?rest_route=\/wp\/v2\/posts\/510","targetHints":{"allow":["GET"]}}],"collection":[{"href":"https:\/\/combactive.fr\/index.php?rest_route=\/wp\/v2\/posts"}],"about":[{"href":"https:\/\/combactive.fr\/index.php?rest_route=\/wp\/v2\/types\/post"}],"author":[{"embeddable":true,"href":"https:\/\/combactive.fr\/index.php?rest_route=\/wp\/v2\/users\/1"}],"replies":[{"embeddable":true,"href":"https:\/\/combactive.fr\/index.php?rest_route=%2Fwp%2Fv2%2Fcomments&post=510"}],"version-history":[{"count":1,"href":"https:\/\/combactive.fr\/index.php?rest_route=\/wp\/v2\/posts\/510\/revisions"}],"predecessor-version":[{"id":1743,"href":"https:\/\/combactive.fr\/index.php?rest_route=\/wp\/v2\/posts\/510\/revisions\/1743"}],"wp:featuredmedia":[{"embeddable":true,"href":"https:\/\/combactive.fr\/index.php?rest_route=\/wp\/v2\/media\/22230"}],"wp:attachment":[{"href":"https:\/\/combactive.fr\/index.php?rest_route=%2Fwp%2Fv2%2Fmedia&parent=510"}],"wp:term":[{"taxonomy":"category","embeddable":true,"href":"https:\/\/combactive.fr\/index.php?rest_route=%2Fwp%2Fv2%2Fcategories&post=510"},{"taxonomy":"post_tag","embeddable":true,"href":"https:\/\/combactive.fr\/index.php?rest_route=%2Fwp%2Fv2%2Ftags&post=510"}],"curies":[{"name":"wp","href":"https:\/\/api.w.org\/{rel}","templated":true}]}}