{"id":5263,"date":"2022-04-14T17:49:02","date_gmt":"2022-04-14T15:49:02","guid":{"rendered":"https:\/\/old.combactive.fr\/?p=5263"},"modified":"2022-04-14T17:49:02","modified_gmt":"2022-04-14T15:49:02","slug":"cirque-lili-a-dijon","status":"publish","type":"post","link":"https:\/\/combactive.fr\/?p=5263","title":{"rendered":"Cirque Lili \u00e0 Dijon"},"content":{"rendered":"<h3><span style=\"color: #000000;\"><span style=\"color: #000000;\"><a href=\"https:\/\/www.helloasso.com\/associations\/combactive\/evenements\/inscription-cirque-lili\" target=\"_blank\" rel=\"noopener\"><img loading=\"lazy\" decoding=\"async\" class=\"alignleft wp-image-5150\" src=\"http:\/\/combactive.fr\/wp-content\/uploads\/2022\/01\/icon-je-minscris-700x341.png\" alt=\"\" width=\"182\" height=\"89\" \/><\/a><\/span><\/span><\/h3>\n<h3>Spectacle de cirque sans animaux \u00e0 Dijon<\/h3>\n<h3><span style=\"color: #000000;\"><span style=\"color: #000000;\">Militants, adh\u00e9rents, amis des ANIMAUX et de Combactive,\u00a0 profitez d&rsquo;un tarif exceptionnel pour ce <span style=\"font-size: 18.72px;\">spectacle<\/span>\u00a0(10 \u20ac au lieu de 15\u20ac)\u00a0<\/span><\/span><\/h3>\n<p><strong><span style=\"color: #ff6600;\">Un cirque sans animaux \u00e0 Dijon !<\/span><\/strong><\/p>\n<p><strong> Combactive-Dijon a travaill\u00e9 pendant des ann\u00e9es avec d&rsquo;autres associations \u00a0pour que les cirques exploitant les animaux sauvages, ne soient plus accept\u00e9s dans la ville.<\/stron<span style=\"font-size:0px; color:#ff0000;\">\ufeff<a href=\"https:\/\/www.cialis-br.com\/\">\u7280\u5229\u58eb<\/a><br \/>\n<\/span>g><\/p>\n<p><strong>Apr\u00e8s cette r\u00e9ussite, c&rsquo;est avec un immense plaisir que nous vous pr\u00e9sentons le cirque Lili, une alternative \u00e9vidente, aussi \u00e9tonnante qu\u2019innovante.<\/strong><\/p>\n<p><strong>Tout simplement, l\u2019avenir du cirque !<\/strong><\/p>\n<h1 class=\"titre-evenement-big-single\"><strong><span style=\"color: #ffcc00;\">Chair et os : un spectacle d\u2019animaux sans animaux<\/span><\/strong><\/h1>\n<div class=\"contenu-evenement\">\n<p><strong><a href=\"http:\/\/combactive.fr\/wp-content\/uploads\/2022\/04\/Chair-et-Os.jpg\"><img loading=\"lazy\" decoding=\"async\" class=\"alignleft wp-image-5264\" src=\"http:\/\/combactive.fr\/wp-content\/uploads\/2022\/04\/Chair-et-Os-700x990.jpg\" alt=\"\" width=\"366\" height=\"517\" \/><\/a>3 repr\u00e9sentations :<\/strong>\u00a0<strong><span style=\"color: #ffcc00;\">jeudi 5, vendredi 6 (d\u00e9bat) et samedi 7 mai 2022<\/span><\/strong><\/p>\n<div class=\"\"><strong><span style=\"color: #ff6600;\"><i class=\"\">\u00c0 l\u2019occasion du spectacle CHAIR ET OS, derni\u00e8re cr\u00e9ation de la compagnie J\u00e9r\u00f4me Thomas abordant le th\u00e8me des relations des hommes aux animaux, nous vous invitons \u00e0 une rencontre-discussion autour du bien-\u00eatre animal, de l\u2019\u00e9cologie et du cirque contemporain, en compagnie de J\u00e9r\u00f4me Thomas, directeur artistique et Fabien Robert <span class=\"\">d\u00e9l\u00e9gu\u00e9 \u00e0 la condition animale \u00e0 la mairie de Dijon et pr\u00e9sident de l\u2019association Combactive.<\/span><\/i><\/span><\/strong><\/div>\n<div class=\"\"><span class=\"\" style=\"font-family: Avenir-Roman;\"><i class=\"\"><b class=\"\">\u00a0<\/b><\/i><\/span><\/div>\n<div class=\"\" style=\"text-align: center;\"><strong><span class=\"\" style=\"font-family: Avenir-Roman; color: #ffcc00;\"><i class=\"\">VENDREDI 6 MAI \u00e0 l\u2019issue de la repr\u00e9sentation<\/i><\/span><\/strong><\/div>\n<p>&nbsp;<\/p>\n<p><strong>Inspir\u00e9 des mythologies du cirque, des animaux comme sujets iconiques mais aussi par l\u2019univers de la piste, des agr\u00e8s de cirque, CHAIR ET OS sera troublant, grin\u00e7ant pour \u00e9voquer cette question d\u00e9licate du rapport entre les hommes et les animaux.<\/strong><br \/>\n<strong>Jamais la s\u00e9paration entre les hommes et les animaux n\u2019aura \u00e9t\u00e9 aussi abyssale. Jamais nous n\u2019avons \u00e9t\u00e9 aussi \u00e9loign\u00e9s de notre condition animale. <\/strong><\/p>\n<p><strong>Sur sc\u00e8ne, plusieurs interpr\u00e8tes, mi-\u00eatres humains \/ mi-animaux joueront cette farce tragi-comique. L\u2019acrobatie au sol et a\u00e9rienne, la contorsion seront les outils d\u2019expression de l\u2019ouvrage.<\/strong><\/p>\n<p><em>Direction artistique, chor\u00e9graphie : J\u00e9r\u00f4me Thomas<\/em><br \/>\n<em>Dramaturgie et textes : Aline Reviriaud<\/em><br \/>\n<em>Mise en sc\u00e8ne : J\u00e9r\u00f4me Thomas et Aline Reviriaud Collaboratrice artistique, assistante chor\u00e9graphique et interpr\u00e8te : Lise Pauton Lumi\u00e8res : Bernard Revel<\/em><br \/>\n<em>Sc\u00e9nographie \/ Costumes \/ Accessoires : Emmanuelle Grobet<\/em><br \/>\n<em>Musique : J\u00e9r\u00f4me Thomas et Michel Legouis Com\u00e9dien \/ Bruiteur : Michel Legouis<\/em><br \/>\n<em>R\u00e9gie son : Arousia Ducelier<\/em><br \/>\n<em>R\u00e9gie g\u00e9n\u00e9rale et r\u00e9gie lumi\u00e8res : Dominique Mercier-Balaz<\/em><br \/>\n<em>Distribution : Leonardo Ferreira, Magdalena Hidalgo Witker, Tamila De Naeyer, Nicolas Moreno, Juana Ortega Kippes, Lise Pauton, Michel Legouis<\/em><\/p>\n<div class=\"contenu_agenda\"><strong><span style=\"color: #ff9900;\">A 20h00, Cirque Lili &#8211; Centre Hospitalier La Chartreuse &#8211; 1 Boulevard Chanoine Kir &#8211; 21000 Dijon<\/span><\/strong><\/div>\n<div class=\"contenu_agenda\"><\/div>\n<\/div>\n<div>site internet\u00a0<span style=\"color: #3366ff;\"><a style=\"color: #3366ff;\" href=\"http:\/\/www.jerome-thomas.fr\/fram_chairetos.htm\" target=\"_blank\" rel=\"noopener\">ARMO COMPAGNIE JEROME THOMAS<\/a><\/span><\/div>\n","protected":false},"excerpt":{"rendered":"<p>Spectacle de cirque sans animaux \u00e0 Dijon Militants, adh\u00e9rents, amis des ANIMAUX et de Combactive,\u00a0 profitez d&rsquo;un tarif exceptionnel pour ce spectacle\u00a0(10 \u20ac au lieu de 15\u20ac)\u00a0 Un cirque sans animaux \u00e0 Dijon ! Combactive-Dijon a travaill\u00e9 pendant des ann\u00e9es avec d&rsquo;autres associations \u00a0pour que les cirques exploitant les animaux sauvages, ne soient plus accept\u00e9s<a class=\"wp-block-latest-posts__read-more\" href=\"https:\/\/combactive.fr\/?p=5263\"> Voir plus +<\/a><\/p>\n","protected":false},"author":1,"featured_media":25453,"comment_status":"closed","ping_status":"closed","sticky":false,"template":"","format":"standard","meta":{"_acf_changed":false,"footnotes":""},"categories":[25],"tags":[],"class_list":["post-5263","post","type-post","status-publish","format-standard","has-post-thumbnail","hentry","category-cirque-sans-animaux"],"acf":[],"_links":{"self":[{"href":"https:\/\/combactive.fr\/index.php?rest_route=\/wp\/v2\/posts\/5263","targetHints":{"allow":["GET"]}}],"collection":[{"href":"https:\/\/combactive.fr\/index.php?rest_route=\/wp\/v2\/posts"}],"about":[{"href":"https:\/\/combactive.fr\/index.php?rest_route=\/wp\/v2\/types\/post"}],"author":[{"embeddable":true,"href":"https:\/\/combactive.fr\/index.php?rest_route=\/wp\/v2\/users\/1"}],"replies":[{"embeddable":true,"href":"https:\/\/combactive.fr\/index.php?rest_route=%2Fwp%2Fv2%2Fcomments&post=5263"}],"version-history":[{"count":0,"href":"https:\/\/combactive.fr\/index.php?rest_route=\/wp\/v2\/posts\/5263\/revisions"}],"wp:featuredmedia":[{"embeddable":true,"href":"https:\/\/combactive.fr\/index.php?rest_route=\/wp\/v2\/media\/25453"}],"wp:attachment":[{"href":"https:\/\/combactive.fr\/index.php?rest_route=%2Fwp%2Fv2%2Fmedia&parent=5263"}],"wp:term":[{"taxonomy":"category","embeddable":true,"href":"https:\/\/combactive.fr\/index.php?rest_route=%2Fwp%2Fv2%2Fcategories&post=5263"},{"taxonomy":"post_tag","embeddable":true,"href":"https:\/\/combactive.fr\/index.php?rest_route=%2Fwp%2Fv2%2Ftags&post=5263"}],"curies":[{"name":"wp","href":"https:\/\/api.w.org\/{rel}","templated":true}]}}