{"id":527,"date":"2011-05-04T00:00:11","date_gmt":"2011-05-03T23:00:11","guid":{"rendered":"http:\/\/www.combactive.fr\/?p=527"},"modified":"2011-05-04T00:00:11","modified_gmt":"2011-05-03T23:00:11","slug":"filiere-humaine-1er-choix-origine-france-et-si-notre-monde-etait-different","status":"publish","type":"post","link":"https:\/\/combactive.fr\/?p=527","title":{"rendered":"\u00ab\u00a0Fili\u00e8re Humaine, 1er choix, Origine France\u00a0\u00bb et si notre monde \u00e9tait diff\u00e9rent ?"},"content":{"rendered":"<p>Le Samedi 7 Mai 2011,\u00a0Combactive a organis\u00e9 avec l\u2019appui de la ville de Dijon, sa 1<sup>\u00e8re<\/sup>\u00a0repr\u00e9sentation th\u00e9\u00e2trale\u00a0: \u00ab\u00a0Fili\u00e8re Humaine, 1<sup>er<\/sup>\u00a0choix, origine France\u00a0\u00bb, et si notre monde \u00e9tait diff\u00e9rent\u2026Dans un contexte de remise en cause de la surconsommation de viande et de ses impacts \u00e0 diff\u00e9rentes \u00e9chelles de plus en plus pr\u00e9sente dans les m\u00e9dias (couverture du magazine Inrocks de janvier 2011 \u00ab\u00a0Manger de la viande tue\u00a0\u00bb, par Jonathan Safran Foer. \u00ab\u00a0Faut-il manger des animaux ?\u00a0\u00bb, \u2026), les militants de Combactive ont amen\u00e9 le public \u00e0 r\u00e9fl\u00e9chir \u00e0 notre mode de consommation actuel et au regard pos\u00e9 sur les \u00eatres vivants qui nous entourent. En France, sans compter les animaux aquatiques \u00e9valu\u00e9s en tonnes, 1 milliard d&rsquo;animaux sont abattus chaque ann\u00e9e pour notre consommation alimentaire. Ce chiffre colossal, permettant \u00e0 la plupart des fran\u00e7ais de consommer \u00e0 chaque repas des produits carn\u00e9s au prix le plus bas possible, induit des co\u00fbts tragiques pour l&rsquo;environnement, la sant\u00e9 humaine et le bien-\u00eatre animal.<\/p>\n<p>Un stand d&rsquo;information, sur les rapports entre l\u2019Alimentation, la Sant\u00e9 et l\u2019 \u00c9thique, a apporter aux passants les renseignements et les donn\u00e9es n\u00e9cessaires \u00e0 leur compr\u00e9hension de l&rsquo;ampleur du fl\u00e9au que repr\u00e9sente notre mode de consommation de viande ainsi que de l&rsquo;urgence \u00e0 ce que chaque citoyen fasse un geste \u00e0 son niveau. Sur ce m\u00eame stand il a \u00e9t\u00e9 propos\u00e9 aux personnes de signer une charte morale engageant \u00e0 ne pas consommer de produits animaux au moins 1 jour \/ semaine. Cet engagement moral sera symbolis\u00e9 par la remise d\u2019un badge offert par Combactive ainsi qu\u2019un livret pratique pour consommer mieux, de meilleure qualit\u00e9, sans pour autant \u00eatre plus cher (conseils, astuces, m\u00e9thode d\u2019achat et de cuisine d\u2019aliments sains, conseil de fabrication de k\u00e9fir\u2026). De nombreuses \u00e9tudes \u00e9thologiques nous montrent que derri\u00e8re chaque morceau de viande se cache le regard et le visage d&rsquo;un \u00eatre vivant dou\u00e9 de la capacit\u00e9 \u00e0 souffrir physiquement, psychologiquement et \u00e9motionnellement. N\u00e9anmoins, la majorit\u00e9 des personnes mangeant de la viande ne font jamais le lien entre cet animal et le morceau de chair se trouvant dans leur assiette. Afin de faire prendre conscience aux spectateurs de ce lien et des supplices que les animaux endurent lors de l&rsquo;\u00e9levage et de l&rsquo;abattage, Combactive a mis en sc\u00e8ne \u00ab\u00a0un monde diff\u00e9rent\u00a0\u00bb. Pour accompagner cette repr\u00e9sentation, un 3<sup>\u00e8me<\/sup>\u00a0stand a \u00e9t\u00e9 consacr\u00e9 \u00e0 la vente de \u00ab\u00a0gaufres-autrement\u00a0\u00bb\u00a0: autre dit, \u00e9thiques\u00a0! \u2026.<\/p>\n<p><iframe loading=\"lazy\" src=\"http:\/\/www.dailymotion.com\/embed\/video\/xm6bsm\" height=\"270\" width=\"480\" allowfullscreen=\"\" frameborder=\"0\"><\/iframe><br \/>\n<a href=\"http:\/\/www.dailymotion.com\/video\/xm6bsm_filiere-humaine-1er-choix-origine-france-combactive_animals\" target=\"_blank\" rel=\"noopener\">Fili\u00e8re Humaine, 1er choix, Origine France&#8230;<\/a> <i>par <a href=\"http:\/\/www.dailymotion.com\/treboRage\" target=\"_blank\" rel=\"noopener\">treboRage<\/a><\/i><\/p>\n\n","protected":false},"excerpt":{"rendered":"<p>Le Samedi 7 Mai 2011,\u00a0Combactive a organis\u00e9 avec l\u2019appui de la ville de Dijon, sa 1\u00e8re\u00a0repr\u00e9sentation th\u00e9\u00e2trale\u00a0: \u00ab\u00a0Fili\u00e8re Humaine, 1er\u00a0choix, origine France\u00a0\u00bb, et si notre monde \u00e9tait diff\u00e9rent\u2026Dans un contexte de remise en cause de la surconsommation de viande et de ses impacts \u00e0 diff\u00e9rentes \u00e9chelles de plus en plus pr\u00e9sente dans les m\u00e9dias (couverture<a class=\"wp-block-latest-posts__read-more\" href=\"https:\/\/combactive.fr\/?p=527\"> Voir plus +<\/a><\/p>\n","protected":false},"author":1,"featured_media":22986,"comment_status":"closed","ping_status":"closed","sticky":false,"template":"","format":"standard","meta":{"_acf_changed":false,"footnotes":""},"categories":[6],"tags":[],"class_list":["post-527","post","type-post","status-publish","format-standard","has-post-thumbnail","hentry","category-alimentation-vege"],"acf":[],"_links":{"self":[{"href":"https:\/\/combactive.fr\/index.php?rest_route=\/wp\/v2\/posts\/527","targetHints":{"allow":["GET"]}}],"collection":[{"href":"https:\/\/combactive.fr\/index.php?rest_route=\/wp\/v2\/posts"}],"about":[{"href":"https:\/\/combactive.fr\/index.php?rest_route=\/wp\/v2\/types\/post"}],"author":[{"embeddable":true,"href":"https:\/\/combactive.fr\/index.php?rest_route=\/wp\/v2\/users\/1"}],"replies":[{"embeddable":true,"href":"https:\/\/combactive.fr\/index.php?rest_route=%2Fwp%2Fv2%2Fcomments&post=527"}],"version-history":[{"count":0,"href":"https:\/\/combactive.fr\/index.php?rest_route=\/wp\/v2\/posts\/527\/revisions"}],"wp:featuredmedia":[{"embeddable":true,"href":"https:\/\/combactive.fr\/index.php?rest_route=\/wp\/v2\/media\/22986"}],"wp:attachment":[{"href":"https:\/\/combactive.fr\/index.php?rest_route=%2Fwp%2Fv2%2Fmedia&parent=527"}],"wp:term":[{"taxonomy":"category","embeddable":true,"href":"https:\/\/combactive.fr\/index.php?rest_route=%2Fwp%2Fv2%2Fcategories&post=527"},{"taxonomy":"post_tag","embeddable":true,"href":"https:\/\/combactive.fr\/index.php?rest_route=%2Fwp%2Fv2%2Ftags&post=527"}],"curies":[{"name":"wp","href":"https:\/\/api.w.org\/{rel}","templated":true}]}}