{"id":556,"date":"2013-01-15T00:00:26","date_gmt":"2013-01-14T23:00:26","guid":{"rendered":"http:\/\/www.combactive.fr\/?p=556"},"modified":"2013-01-15T00:00:26","modified_gmt":"2013-01-14T23:00:26","slug":"journee-anti-fourrure","status":"publish","type":"post","link":"https:\/\/combactive.fr\/?p=556","title":{"rendered":"Journ\u00e9e anti-fourrure"},"content":{"rendered":"<p>Journ\u00e9e anti-fourrure relay\u00e9e\u00a0dans diff\u00e9rentes villes couvertes par Combactive pour l&rsquo;association Fourrure-Torture : V\u00e9naray Les Laumes, Besan\u00e7on, Vesoul. La \u00abJourn\u00e9e Sans Fourrure\u00bb est une journ\u00e9e d\u2019action annuelle, qui tombe le premier samedi des soldes d\u2019hiver, jour o\u00f9 les ventes de pr\u00eat-\u00e0-porter atteignent leurs maximums.<\/p>\n<h3>\u00ab\u00a0L\u2019association Combactive a voulu frapper fort pour d\u00e9fendre sa cause en s\u2019installant au c\u0153ur du centre commercial au moment des soldes.<\/h3>\n<p>L\u2019association Combactive \u00e9tait pr\u00e9sente au centre commercial de Venarey-Les Laumes afin avec un stand de sensibilisation tenu par un militant \u201cr\u00e9gional de l\u2019\u00e9tape\u201d, Fr\u00e9d\u00e9ric Gustin, et ce dans le cadre de la Journ\u00e9e sans fourrure.<\/p>\n<div>\n<p>La date n\u2019a pas \u00e9t\u00e9 choisie au hasard. En effet, elle correspondait tout simplement au premier week-end des soldes o\u00f9 les ventes de pr\u00eat-\u00e0-porter \u00e9taient cens\u00e9es battre leur plein. \u00ab\u00a0L\u2019objectif de la Journ\u00e9e sans fourrure est d\u2019informer le public sur les dessous du commerce de la fourrure. Derri\u00e8re chaque col, chaque accessoire en fourrure, se cachent des animaux qui ont v\u00e9cu dans les pires conditions avant de se faire gazer, \u00e9lectrocuter ou m\u00eame d\u00e9pecer vivant\u00a0\u00bb souligne le militant Fr\u00e9d\u00e9ric Gustin avant d\u2019ajouter que \u00ab\u00a0la fourrure se retrouve principalement sous forme de cols et d\u2019accessoires. Les personnes venues faire les soldes doivent \u00eatre particuli\u00e8rement vigilantes car il est souvent difficile de faire la distinction entre la vraie et la fausse fourrure\u00a0\u00bb.<\/p>\n<p>Ces derni\u00e8res ont, semble-t-il, bien compris le message car la p\u00e9tition a recueilli trois cent soixante-dix signatures. Un v\u00e9ritable exploit car ce chiffre est largement sup\u00e9rieur \u00e0 celui d\u2019autres villes, entre autres Dijon ou Vesoul.<\/p>\n<p>INFO\u00a0L\u2019association Combactive a pour objectif de sensibiliser la population de Bourgogne\/Franche-Comt\u00e9 \u00e0 l\u2019exploitation animale et \u00e0 la protection de la nature, faire d\u00e9couvrir les m\u00e9thodes alternatives \u00e0 cette exploitation, informer et aider la population \u00e0 changer ses comportements, et, plus largement, contribuer au respect des dispositions l\u00e9gales et r\u00e9glementaires r\u00e9gissant le statut des animaux et la protection de la nature ou ayant sur le sort de ceux-ci une incidence directe ou indirecte, d\u00e9fendre et prot\u00e9ger la nature et la cause animale par tous moyens, notamment par le biais d\u2019actions pr\u00e9ventives et pacifistes.\u00a0\u00bb<\/p>\n<p>sources: <a href=\"http:\/\/www.bienpublic.com\/haute-cote-d-or\/2013\/01\/17\/journee-sans-fourrure-370-signatures-recueillies\" target=\"_blank\" rel=\"noopener\">Le bien public\u00a0<\/a><\/p>\n<p><a href=\"http:\/\/combactive.fr\/wp-content\/uploads\/2013\/05\/Journ\u00e9e-sans-Fourrure.jpg\"><img decoding=\"async\" class=\"alignnone size-medium wp-image-1176\" alt=\"Journ\u00e9e sans Fourrure\" src=\"http:\/\/combactive.fr\/wp-content\/uploads\/2013\/05\/Journ\u00e9e-sans-Fourrure-250x357.jpg\" \/><\/a><\/p>\n<\/div>\n","protected":false},"excerpt":{"rendered":"<p>Journ\u00e9e anti-fourrure relay\u00e9e\u00a0dans diff\u00e9rentes villes couvertes par Combactive pour l&rsquo;association Fourrure-Torture : V\u00e9naray Les Laumes, Besan\u00e7on, Vesoul. La \u00abJourn\u00e9e Sans Fourrure\u00bb est une journ\u00e9e d\u2019action annuelle, qui tombe le premier samedi des soldes d\u2019hiver, jour o\u00f9 les ventes de pr\u00eat-\u00e0-porter atteignent leurs maximums. \u00ab\u00a0L\u2019association Combactive a voulu frapper fort pour d\u00e9fendre sa cause en s\u2019installant<a class=\"wp-block-latest-posts__read-more\" href=\"https:\/\/combactive.fr\/?p=556\"> Voir plus +<\/a><\/p>\n","protected":false},"author":1,"featured_media":558,"comment_status":"closed","ping_status":"closed","sticky":false,"template":"","format":"standard","meta":{"_acf_changed":false,"footnotes":""},"categories":[7],"tags":[],"class_list":["post-556","post","type-post","status-publish","format-standard","has-post-thumbnail","hentry","category-fourrure"],"acf":[],"_links":{"self":[{"href":"https:\/\/combactive.fr\/index.php?rest_route=\/wp\/v2\/posts\/556","targetHints":{"allow":["GET"]}}],"collection":[{"href":"https:\/\/combactive.fr\/index.php?rest_route=\/wp\/v2\/posts"}],"about":[{"href":"https:\/\/combactive.fr\/index.php?rest_route=\/wp\/v2\/types\/post"}],"author":[{"embeddable":true,"href":"https:\/\/combactive.fr\/index.php?rest_route=\/wp\/v2\/users\/1"}],"replies":[{"embeddable":true,"href":"https:\/\/combactive.fr\/index.php?rest_route=%2Fwp%2Fv2%2Fcomments&post=556"}],"version-history":[{"count":0,"href":"https:\/\/combactive.fr\/index.php?rest_route=\/wp\/v2\/posts\/556\/revisions"}],"wp:featuredmedia":[{"embeddable":true,"href":"https:\/\/combactive.fr\/index.php?rest_route=\/"}],"wp:attachment":[{"href":"https:\/\/combactive.fr\/index.php?rest_route=%2Fwp%2Fv2%2Fmedia&parent=556"}],"wp:term":[{"taxonomy":"category","embeddable":true,"href":"https:\/\/combactive.fr\/index.php?rest_route=%2Fwp%2Fv2%2Fcategories&post=556"},{"taxonomy":"post_tag","embeddable":true,"href":"https:\/\/combactive.fr\/index.php?rest_route=%2Fwp%2Fv2%2Ftags&post=556"}],"curies":[{"name":"wp","href":"https:\/\/api.w.org\/{rel}","templated":true}]}}