{"id":583,"date":"2013-04-10T00:00:36","date_gmt":"2013-04-09T23:00:36","guid":{"rendered":"http:\/\/www.combactive.fr\/?p=583"},"modified":"2013-04-10T00:00:36","modified_gmt":"2013-04-09T23:00:36","slug":"venarey-les-laumes-combactive-a-installe-un-stand-a-lentree-du-centre-commercial","status":"publish","type":"post","link":"https:\/\/combactive.fr\/?p=583","title":{"rendered":"Venarey-les Laumes : Combactive a install\u00e9 un stand \u00e0 l\u2019entr\u00e9e du centre commercial"},"content":{"rendered":"<p>L\u2019association Combactive, qui \u0153uvre \u00e0 la protection de la nature et des droits des animaux en Bourgogne et Franche-Comt\u00e9, a install\u00e9 un stand \u00e0 l\u2019entr\u00e9e du centre commercial. L\u2019occasion pour le pr\u00e9sident Fabien Robert et Fr\u00e9d\u00e9ric Gustin, correspondant local, de faire la promotion des produits non test\u00e9s sur les animaux. \u00ab Nous voulons \u00e9galement montrer que nous pouvons faire des barbecues sans viande \u00bb, dit le pr\u00e9sident. L\u2019occasion aussi pour l\u2019association de faire signer des p\u00e9titions contre les corridas et les fourrures.<\/p>\n<p><a href=\"http:\/\/combactive.fr\/wp-content\/uploads\/2013\/04\/Stand-v\u00e9narey.jpg\"><img decoding=\"async\" class=\"alignnone size-medium wp-image-1184\" alt=\"Stand v\u00e9narey\" src=\"http:\/\/combactive.fr\/wp-content\/uploads\/2013\/04\/Stand-v\u00e9narey-250x153.jpg\" \/><\/a><\/p>\n<p>&nbsp;<\/p>\n<p>Photo Yannick Dupin<\/p>\n","protected":false},"excerpt":{"rendered":"<p>L\u2019association Combactive, qui \u0153uvre \u00e0 la protection de la nature et des droits des animaux en Bourgogne et Franche-Comt\u00e9, a install\u00e9 un stand \u00e0 l\u2019entr\u00e9e du centre commercial. L\u2019occasion pour le pr\u00e9sident Fabien Robert et Fr\u00e9d\u00e9ric Gustin, correspondant local, de faire la promotion des produits non test\u00e9s sur les animaux. \u00ab Nous voulons \u00e9galement montrer<a class=\"wp-block-latest-posts__read-more\" href=\"https:\/\/combactive.fr\/?p=583\"> Voir plus +<\/a><\/p>\n","protected":false},"author":1,"featured_media":22322,"comment_status":"closed","ping_status":"closed","sticky":false,"template":"","format":"standard","meta":{"_acf_changed":false,"footnotes":""},"categories":[6],"tags":[],"class_list":["post-583","post","type-post","status-publish","format-standard","has-post-thumbnail","hentry","category-alimentation-vege"],"acf":[],"_links":{"self":[{"href":"https:\/\/combactive.fr\/index.php?rest_route=\/wp\/v2\/posts\/583","targetHints":{"allow":["GET"]}}],"collection":[{"href":"https:\/\/combactive.fr\/index.php?rest_route=\/wp\/v2\/posts"}],"about":[{"href":"https:\/\/combactive.fr\/index.php?rest_route=\/wp\/v2\/types\/post"}],"author":[{"embeddable":true,"href":"https:\/\/combactive.fr\/index.php?rest_route=\/wp\/v2\/users\/1"}],"replies":[{"embeddable":true,"href":"https:\/\/combactive.fr\/index.php?rest_route=%2Fwp%2Fv2%2Fcomments&post=583"}],"version-history":[{"count":0,"href":"https:\/\/combactive.fr\/index.php?rest_route=\/wp\/v2\/posts\/583\/revisions"}],"wp:featuredmedia":[{"embeddable":true,"href":"https:\/\/combactive.fr\/index.php?rest_route=\/wp\/v2\/media\/22322"}],"wp:attachment":[{"href":"https:\/\/combactive.fr\/index.php?rest_route=%2Fwp%2Fv2%2Fmedia&parent=583"}],"wp:term":[{"taxonomy":"category","embeddable":true,"href":"https:\/\/combactive.fr\/index.php?rest_route=%2Fwp%2Fv2%2Fcategories&post=583"},{"taxonomy":"post_tag","embeddable":true,"href":"https:\/\/combactive.fr\/index.php?rest_route=%2Fwp%2Fv2%2Ftags&post=583"}],"curies":[{"name":"wp","href":"https:\/\/api.w.org\/{rel}","templated":true}]}}