{"id":688,"date":"2014-02-01T00:00:48","date_gmt":"2014-01-31T23:00:48","guid":{"rendered":"http:\/\/www.combactive.fr\/?p=688"},"modified":"2014-02-01T00:00:48","modified_gmt":"2014-01-31T23:00:48","slug":"soutien-a-emmanuel-giboulot","status":"publish","type":"post","link":"https:\/\/combactive.fr\/?p=688","title":{"rendered":"Soutien \u00e0 Emmanuel Giboulot"},"content":{"rendered":"<p>Un viticulteur poursuivi pour avoir refus\u00e9 de traiter ses vignes.<\/p>\n<p>Un arr\u00eat\u00e9 pr\u00e9fectoral pris en juin impose \u00e0 tous les viticulteurs de la C\u00f4te d&rsquo;Or l&rsquo;usage d&rsquo;un insecticide. Ce que se refuse \u00e0 faire un producteur de vin biodynamique.<\/p>\n<p>Un viticulteur de C\u00f4te-d\u2019Or a \u00e9t\u00e9 convoqu\u00e9 devant la justice pour avoir refus\u00e9 de traiter ses vignes contre la flavescence dor\u00e9e. En juin, un arr\u00eat\u00e9 pr\u00e9fectoral avait impos\u00e9 le traitement de <em>\u00abl\u2019ensemble des vignobles de la C\u00f4te d\u2019Or\u00bb<\/em> au moyen <em>\u00abd\u2019une application unique d\u2019un insecticide\u00bb<\/em> contre la cicadelle, insecte vecteur de la flavescence dor\u00e9e, une maladie de la vigne pr\u00e9sente notamment dans le nord M\u00e2connais, en Sa\u00f4ne-et-Loire.<\/p>\n<p><em>\u00a0\u00abJe me suis refus\u00e9 \u00e0 faire ce traitement\u00bb,<\/em> a dit Emmanuel Giboulot, qui exploite dix hectares de vignes en biodynamie sur la C\u00f4te de Beaune et la Haute-C\u00f4te de Nuits, confirmant une information du site bastamag.net. <em>\u00abOn sait que le traitement syst\u00e9matique ne r\u00e8gle pas le probl\u00e8me\u00bb<\/em>, a-t-il poursuivi. <em>\u00abM\u00eame les insecticides naturels ne sont pas inoffensifs car ils ne sont pas s\u00e9lectifs et on d\u00e9truit toute la faune auxiliaire. Or, notre approche en biodynamie, que l\u2019on applique sur nos vignes depuis les ann\u00e9es 1970, est de travailler sur les \u00e9quilibres biologiques\u00bb.<\/em><\/p>\n<p>Apr\u00e8s un contr\u00f4le en juillet de la direction r\u00e9gionale de l\u2019Agriculture, Emmanuel Giboulot a fait l\u2019objet d\u2019une convocation devant le d\u00e9l\u00e9gu\u00e9 du procureur de la R\u00e9publique du tribunal d\u2019instance de Beaune pour une composition p\u00e9nale. Pr\u00e9vue le 12 novembre, sa comparution a \u00e9t\u00e9 report\u00e9e \u00e0 une date, qui n\u2019a pas encore \u00e9t\u00e9 fix\u00e9e.<\/p>\n<p>Dans cette convocation, que l\u2019AFP a pu consulter, il est reproch\u00e9 au viticulteur un <em>\u00abrefus d\u2019effectuer les mesures de protection des v\u00e9g\u00e9taux contre les organismes nuisibles en l\u2019esp\u00e8ce en refusant de traiter contre la flavescence dor\u00e9e\u00bb<\/em>. Il encourt jusqu\u2019\u00e0 six mois d\u2019emprisonnement et 30\u00a0000 euros d\u2019amende.<em> \u00abOn a l\u2019impression qu\u2019on veut faire un exemple et qu\u2019on manque de recul et de discernement sur les choses\u00bb<\/em>, a dit Emmanuel Giboulot.<\/p>\n<p>(Article de lib\u00e9ration Terre)<\/p>\n","protected":false},"excerpt":{"rendered":"<p>Un viticulteur poursuivi pour avoir refus\u00e9 de traiter ses vignes. Un arr\u00eat\u00e9 pr\u00e9fectoral pris en juin impose \u00e0 tous les viticulteurs de la C\u00f4te d&rsquo;Or l&rsquo;usage d&rsquo;un insecticide. Ce que se refuse \u00e0 faire un producteur de vin biodynamique. Un viticulteur de C\u00f4te-d\u2019Or a \u00e9t\u00e9 convoqu\u00e9 devant la justice pour avoir refus\u00e9 de traiter ses<a class=\"wp-block-latest-posts__read-more\" href=\"https:\/\/combactive.fr\/?p=688\"> Voir plus +<\/a><\/p>\n","protected":false},"author":1,"featured_media":1151,"comment_status":"closed","ping_status":"closed","sticky":false,"template":"","format":"standard","meta":{"_acf_changed":false,"footnotes":""},"categories":[14],"tags":[],"class_list":["post-688","post","type-post","status-publish","format-standard","has-post-thumbnail","hentry","category-infos"],"acf":[],"_links":{"self":[{"href":"https:\/\/combactive.fr\/index.php?rest_route=\/wp\/v2\/posts\/688","targetHints":{"allow":["GET"]}}],"collection":[{"href":"https:\/\/combactive.fr\/index.php?rest_route=\/wp\/v2\/posts"}],"about":[{"href":"https:\/\/combactive.fr\/index.php?rest_route=\/wp\/v2\/types\/post"}],"author":[{"embeddable":true,"href":"https:\/\/combactive.fr\/index.php?rest_route=\/wp\/v2\/users\/1"}],"replies":[{"embeddable":true,"href":"https:\/\/combactive.fr\/index.php?rest_route=%2Fwp%2Fv2%2Fcomments&post=688"}],"version-history":[{"count":0,"href":"https:\/\/combactive.fr\/index.php?rest_route=\/wp\/v2\/posts\/688\/revisions"}],"wp:featuredmedia":[{"embeddable":true,"href":"https:\/\/combactive.fr\/index.php?rest_route=\/"}],"wp:attachment":[{"href":"https:\/\/combactive.fr\/index.php?rest_route=%2Fwp%2Fv2%2Fmedia&parent=688"}],"wp:term":[{"taxonomy":"category","embeddable":true,"href":"https:\/\/combactive.fr\/index.php?rest_route=%2Fwp%2Fv2%2Fcategories&post=688"},{"taxonomy":"post_tag","embeddable":true,"href":"https:\/\/combactive.fr\/index.php?rest_route=%2Fwp%2Fv2%2Ftags&post=688"}],"curies":[{"name":"wp","href":"https:\/\/api.w.org\/{rel}","templated":true}]}}