{"id":814,"date":"2014-03-29T00:00:52","date_gmt":"2014-03-28T23:00:52","guid":{"rendered":"http:\/\/www.combactive.fr\/?p=814"},"modified":"2014-03-29T00:00:52","modified_gmt":"2014-03-28T23:00:52","slug":"gueret-2","status":"publish","type":"post","link":"https:\/\/combactive.fr\/?p=814","title":{"rendered":"Gu\u00e9ret"},"content":{"rendered":"<p>Combactive a organis\u00e9 un bus pour se rendre \u00e0 Gu\u00e9ret, pour soutenir le NARG. Entre 600 et 800 personnes se sont r\u00e9unies.<\/p>\n<p><span style=\"text-decoration: underline;\">Victoire du NARG, victoire de la cause animale\u00a0: le projet d\u2019abattoir (sans \u00e9tourdissement) de Gu\u00e9ret est abandonn\u00e9 !<\/span><\/p>\n<p><span style=\"text-decoration: underline;\">Le NARG porte le d\u00e9bat \u00e0 Bruxelles.<\/span><\/p>\n<p>Il faut savoir que l&rsquo;abattage sans \u00e9tourdissement devient actuellement une r\u00e8gle, en France, par soucis de profit. Une large part de cette viande se retrouve dans le circuit classique (boucheries, grandes surfaces, cantines&#8230;), sans aucune mention. C&rsquo;est de la tromperie et une atteinte \u00e0 la libert\u00e9 de conscience et de religion des consommateurs !<\/p>\n<p>Le NARG d\u00e9fend la position de 85% des fran\u00e7ais, qui consid\u00e8rent comme primordial ou n\u00e9cessaire, l&rsquo;\u00e9tourdissement des animaux lors de leur mise \u00e0 mort. Apr\u00e8s une victoire \u00e0 Gu\u00e9ret, \u00e0 l&rsquo;issue de 2 ann\u00e9es de lutte pacifique, contre le premier projet europ\u00e9en d&rsquo;abattoir exclusivement sans \u00e9tourdissement, le NARG porte le d\u00e9bat \u00e0 Bruxelles et aupr\u00e8s du Gouvernement.<\/p>\n<p><b><i><span style=\"text-decoration: underline;\">Communiqu\u00e9 de la SOVIALIM<\/span><\/i><span style=\"text-decoration: underline;\"> : \u00a0<\/span><span style=\"color: #7fb641;\"><a href=\"http:\/\/combactive.fr\/wp-content\/uploads\/2014\/04\/SOVIALIM-COMMUNIQUE-DE-PRESSE-du-14-mars-2013-d.pdf\"><span style=\"color: #7fb641;\">SOVIALIM COMMUNIQUE DE PRESSE du 14 mars 2013<\/span><\/a><\/span><\/b><a href=\"http:\/\/combactive.fr\/wp-content\/uploads\/2014\/04\/SOVIALIM-COMMUNIQUE-DE-PRESSE-du-14-mars-2013-d.pdf\"><br \/>\n<\/a><\/p>\n<p><i>La nouvelle est tomb\u00e9e hier apr\u00e8s midi, avec l\u2019envoi d\u2019un communiqu\u00e9 de presse par la SOVIALIM, entreprise porteuse du projet d\u2019abattoir \u00e0 Gu\u00e9ret, en Creuse. C\u2019est donc officiel, cette fois, le NARG a obtenu gain de cause, apr\u00e8s deux ans et demie de lutte sans rel\u00e2che. Il s\u2019agissait du premier projet abattoir europ\u00e9en pratiquant exclusivement l\u2019abattage sans \u00e9tourdissement.<\/i><\/p>\n<p><i>Cependant, nous sommes particuli\u00e8rement choqu\u00e9s par les propos de M.Masri, PDG de la SOVIALIM. Nous comprenons que ce dernier soit d\u00e9\u00e7u de ne pouvoir mener \u00e0 bien son projet, mais cela ne l\u2019autorise pas \u00e0 devenir vindicatif, \u00e0 la limite de la vulgarit\u00e9. La SOVIALIM s\u2019en sort avec peu de panache\u2026<\/i><\/p>\n<p><i>M.Masri nous associe \u00e0 des groupuscules d\u2019extr\u00eame droite, nous accuse d\u2019attiser les haines racistes, ce pour quoi nous comptons porter plainte pour diffamation.<\/i><\/p>\n<p><i>M.Masri ne participe pas \u00e0 la bonne entente et contribue \u00e0 attiser les haines, en se victimisant. Les v\u00e9ritables victimes demeurent tout de m\u00eame les animaux.<\/i><\/p>\n<p><i>Nous rappelons que 85% des fran\u00e7ais consid\u00e8rent l\u2019\u00e9tourdissement comme un \u00e9l\u00e9ment primordial ou n\u00e9cessaire lors de l\u2019abattage des animaux, selon un r\u00e9cent sondage IPSOS (septembre 2013). Si l\u2019on suit la logique de M.Masri, il y aurait alors 85% de \u00ab faschos \u00bb, en France ?<\/i><\/p>\n<p><i>Aujourd\u2019hui, l\u2019Europe enti\u00e8re tend dans le sens d\u2019une interdiction de l\u2019abattage sans \u00e9tourdissement, comme cela est d\u00e9j\u00e0 le cas au Lichtenstein, en Islande, en Norv\u00e8ge, en Su\u00e8de, en Suisse, en Pologne et tout r\u00e9cemment au Danemark. Le Royaume Uni commence \u00e0 \u00e9voquer une possible interdiction. Cela, essentiellement parce que l\u2019abattage sans \u00e9tourdissement est en d\u00e9saccord avec le principe europ\u00e9en de respect de l\u2019animal en tant qu\u2019\u00eatre sensible.<\/i><\/p>\n<p><i>Etant donn\u00e9 le soutien officiel apport\u00e9 au NARG, par des personnalit\u00e9s telles que Raphael Mezrahi, le Dr Yves Lahiani, Allain Bougrain-Dubourg, Henry Jean Servat, Myl\u00e8ne Demongeot, Edgar Morin, Corinne Touzet, Luce Lapin, G\u00e9rard Charollois et le Professeur Courreau, nos motivations ne peuvent \u00eatre remises en cause.<\/i><\/p>\n<p><i>IMPORTANT ! Notre manifestation du 29 mars prochain, \u00e0 Gu\u00e9ret, est maintenue !<\/i><\/p>\n<p><i>Il s\u2019agit l\u00e0 d\u2019une merveilleuse victoire qui aura des r\u00e9percussions nationales et contribuera \u00e0 emp\u00eacher ce type de projet dans d\u2019autres r\u00e9gions.<\/i><\/p>\n<p><i>Cette victoire ne doit pas passer inaper\u00e7ue ! Des milliers d\u2019animaux continuent d\u2019\u00eatre \u00e9gorg\u00e9s en pleine conscience, en France enti\u00e8re et au sein d\u2019autres pays europ\u00e9ens.<\/i><\/p>\n<p><i>Le 29 mars, nous manifesterons contre l\u2019abattage sans \u00e9tourdissement, et lancerons officiellement notre campagne aupr\u00e8s de Bruxelles, afin d\u2019obtenir l\u2019\u00e9tiquetage des viandes selon le mode d\u2019abattage ainsi que l\u2019obligation d\u2019\u00e9tourdissement pr\u00e9alable des animaux, lors de leur abattage, y compris dans le cadre d\u2019abattage religieux.<\/i><\/p>\n<p><i>Nous remercions toutes les personnes qui nous ont soutenu, ont ardemment milit\u00e9 \u00e0 nos c\u00f4t\u00e9s. C\u2019est une victoire citoyenne retentissante !<\/i><\/p>\n\n<p>&nbsp;<\/p>\n","protected":false},"excerpt":{"rendered":"<p>Combactive a organis\u00e9 un bus pour se rendre \u00e0 Gu\u00e9ret, pour soutenir le NARG. Entre 600 et 800 personnes se sont r\u00e9unies. Victoire du NARG, victoire de la cause animale\u00a0: le projet d\u2019abattoir (sans \u00e9tourdissement) de Gu\u00e9ret est abandonn\u00e9 ! Le NARG porte le d\u00e9bat \u00e0 Bruxelles. Il faut savoir que l&rsquo;abattage sans \u00e9tourdissement devient<a class=\"wp-block-latest-posts__read-more\" href=\"https:\/\/combactive.fr\/?p=814\"> Voir plus +<\/a><\/p>\n","protected":false},"author":1,"featured_media":22532,"comment_status":"closed","ping_status":"closed","sticky":false,"template":"","format":"standard","meta":{"_acf_changed":false,"footnotes":""},"categories":[16],"tags":[],"class_list":["post-814","post","type-post","status-publish","format-standard","has-post-thumbnail","hentry","category-abattoir"],"acf":[],"_links":{"self":[{"href":"https:\/\/combactive.fr\/index.php?rest_route=\/wp\/v2\/posts\/814","targetHints":{"allow":["GET"]}}],"collection":[{"href":"https:\/\/combactive.fr\/index.php?rest_route=\/wp\/v2\/posts"}],"about":[{"href":"https:\/\/combactive.fr\/index.php?rest_route=\/wp\/v2\/types\/post"}],"author":[{"embeddable":true,"href":"https:\/\/combactive.fr\/index.php?rest_route=\/wp\/v2\/users\/1"}],"replies":[{"embeddable":true,"href":"https:\/\/combactive.fr\/index.php?rest_route=%2Fwp%2Fv2%2Fcomments&post=814"}],"version-history":[{"count":0,"href":"https:\/\/combactive.fr\/index.php?rest_route=\/wp\/v2\/posts\/814\/revisions"}],"wp:featuredmedia":[{"embeddable":true,"href":"https:\/\/combactive.fr\/index.php?rest_route=\/wp\/v2\/media\/22532"}],"wp:attachment":[{"href":"https:\/\/combactive.fr\/index.php?rest_route=%2Fwp%2Fv2%2Fmedia&parent=814"}],"wp:term":[{"taxonomy":"category","embeddable":true,"href":"https:\/\/combactive.fr\/index.php?rest_route=%2Fwp%2Fv2%2Fcategories&post=814"},{"taxonomy":"post_tag","embeddable":true,"href":"https:\/\/combactive.fr\/index.php?rest_route=%2Fwp%2Fv2%2Ftags&post=814"}],"curies":[{"name":"wp","href":"https:\/\/api.w.org\/{rel}","templated":true}]}}