{"id":9616,"date":"2017-10-16T11:34:28","date_gmt":"2017-10-16T09:34:28","guid":{"rendered":"http:\/\/wpdemos.themezaa.com\/pofo\/?p=9616"},"modified":"2017-10-16T11:34:28","modified_gmt":"2017-10-16T09:34:28","slug":"lelevage-de-visons-de-montarlot-les-rioz-70","status":"publish","type":"post","link":"https:\/\/combactive.fr\/?p=9616","title":{"rendered":"L\u2019\u00c9LEVAGE DE VISONS DE MONTARLOT LES RIOZ (70)"},"content":{"rendered":"<p>[vc_row initial_loading_animation=\u00a0\u00bbfadeIn\u00a0\u00bb pofo_hidden_markup_1507721367_2_48=\u00a0\u00bb\u00a0\u00bb css=\u00a0\u00bb.vc_custom_1507721384063{padding-top: 0px !important;padding-bottom: 0px !important;}\u00a0\u00bb][vc_column ipad_display=\u00a0\u00bbsm-display-none\u00a0\u00bb pofo_hidden_markup_1507721367_2_73=\u00a0\u00bb\u00a0\u00bb display_setting=\u00a0\u00bb1&Prime; offset=\u00a0\u00bbvc_col-md-1 vc_hidden-sm\u00a0\u00bb][\/vc_column][vc_column width=\u00a0\u00bb1\/1&Prime; desktop_alignment=\u00a0\u00bbtext-center\u00a0\u00bb desktop_mini_alignment=\u00a0\u00bbmd-text-center\u00a0\u00bb alignment_setting=\u00a0\u00bb1&Prime; offset=\u00a0\u00bbvc_col-md-10 vc_col-xs-12&Prime;][vc_column_text]<\/p>\n<p style=\"text-align: justify;\">Vendredi 6 octobre 2017, une terrible d\u00e9ception quand nous avons appris le r\u00e9sultat des votes des membres du CODERST (10 \u00ab pour \u00bb et 4 \u00ab contre \u00bb, donnant leur aval pour l\u2019extension de l\u2019\u00e9levage.<br \/>\nAu-del\u00e0 des risques extr\u00eamement \u00e9lev\u00e9s de pollution de l\u2019environnement, se pose le probl\u00e8me \u00e9thique : en 2018 faut-il que le peuple fran\u00e7ais supporte contre son gr\u00e9 des \u00e9levages concentrationnaires d\u2019animaux \u00e9lev\u00e9s uniquement pour un plaisir morbide, la FOURRURE ?<\/p>\n<p style=\"text-align: justify;\">La derni\u00e8re chance pour que cet \u00e9levage ne s\u2019agrandisse pas sera l\u2019avis, nous l\u2019esp\u00e9rons, \u00ab\u00a0\u00e9clair\u00e9\u00a0\u00bb de la pr\u00e9f\u00e8te de Haute-Sa\u00f4ne Mme Marie Fran\u00e7oise LECAILLON.<\/p>\n<p style=\"text-align: justify;\">Il est tr\u00e8s important de noter que nous avons propos\u00e9 \u00e0 l\u2019\u00e9leveur notre aide pour une reconversion : Transformer l\u2019\u00e9levage de la mort en\u00a0<strong>centre p\u00e9dagogique d\u2019approche du vison d\u2019Am\u00e9rique.<\/strong><br \/>\n<em>\u00ab\u00a0Nous continuons \u00e0 esp\u00e9rer que son c\u0153ur\u00a0pourra lui faire entendre raison.\u00a0\u00bb<\/em><\/p>\n<p>[\/vc_column_text][vc_single_image image=\u00a0\u00bb20730&Prime; img_size=\u00a0\u00bbfull\u00a0\u00bb el_class=\u00a0\u00bbsm-margin-30px-bottom\u00a0\u00bb][vc_column_text]<\/p>\n<h4 style=\"text-align: justify;\"><em>Historique<\/em>\u00a0: Nous \u00e9tions samedi 3 juin 2017 aupr\u00e8s du commissaire enqu\u00eateur qui \u00e9met un avis \u00ab\u00a0pour\u00a0\u00bb ou \u00ab\u00a0contre\u00a0\u00bb l\u2019augmentation de l\u2019effectif des visons condamn\u00e9s \u00e0 mort \u00a0!<\/h4>\n<p style=\"text-align: justify;\"><em>Lors de notre pr\u00e9sence \u00e0 Montarlot, nous avons rencontr\u00e9 et parl\u00e9 plusieurs minutes avec l\u2019\u00e9leveur, M. Chassin.<\/em><\/p>\n<p style=\"text-align: justify;\"><strong><em>Existe-t-il un lien entre l\u2019\u00e9levage d\u2019Emagny et celui de Montarlot les Rioz : OUI !<br \/>\n<\/em><\/strong><strong><em>Jusqu\u2019\u00e0 maintenant l\u2019\u00e9leveur de Montarlot r\u00e9cup\u00e9rait la nourriture des visons \u00e0 l\u2019\u00e9levage d\u2019Emagny\u2026. et\u00a0des passages d\u2019animaux de l\u2019un \u00e0 l\u2019autre ?\u00a0<\/em><\/strong><\/p>\n<p style=\"text-align: justify;\">Voil\u00e0 ce que l\u2019on trouve sur internet lorsque l\u2019on recherche des informations sur l\u2019\u00e9levage :<\/p>\n<p style=\"text-align: justify;\"><em>CHASSAIN SYLVAIN GUY GERARD est une entreprise relativement jeune qui a \u00e9t\u00e9 cr\u00e9\u00e9e en ao\u00fbt 2010 et qui est implant\u00e9e \u00e0 MONTARLOT LES RIOZ (Haute-Sa\u00f4ne).<\/em><br \/>\n<em>C\u2019est une entreprise de type Exploitant agricole enregistr\u00e9e avec le code NAF 0149Z, secteur \u00c9levage d\u2019autres animaux.<\/em><\/p>\n<p style=\"text-align: justify;\">A aucun endroit il n\u2019est sp\u00e9cifi\u00e9 que les \u00ab\u00a0autres animaux\u00a0\u00bb sont des visons.<br \/>\nForc\u00e9ment la r\u00e8gle d\u2019or dans ce type d\u2019\u00e9levage c\u2019est d\u2019\u00eatre invisible et ne pas faire de vague.<\/p>\n<p style=\"text-align: justify;\">Ces visons vont survivre durant 6 \u00e0 8 mois (dur\u00e9e de leur courte vie) dans des cages enti\u00e8rement grillag\u00e9es.<\/p>\n<p style=\"text-align: justify;\">INITIALEMENT L\u2019\u00c9LEVAGE D\u00c9TIENT\u00a0<strong><em>2000 VISONS<\/em><\/strong>\u00a0mais l\u2019\u00e9leveur projette d\u2019augmenter son effectif.<br \/>\nEn ce moment m\u00eame l\u2019\u00e9leveur a d\u00e9pos\u00e9 un dossier \u00e0 la pr\u00e9fecture pour obtenir une autorisation d\u2019augmenter son cheptel et passer \u00e0\u00a0<strong><em>7700 visons<\/em><\/strong>.<\/p>\n<p style=\"text-align: justify;\">L\u2019avocate permanente de l\u2019association Combactive a termin\u00e9 son rapport de 14 pages et le pr\u00e9sident le remettra au commissaire enqu\u00eateur samedi 3 juin.<br \/>\nContrairement \u00e0 nos inqui\u00e9tudes de d\u00e9part, l\u2019avocate a su trouver pas moins de 9 failles, incoh\u00e9rences, inexactitudes qui nous l\u2019esp\u00e9rons fort, permettra d\u2019\u00e9mettre un avis \u00c9VIDEMMENT D\u00c9FAVORABLE !<\/p>\n<p>[\/vc_column_text][\/vc_column][vc_column ipad_display=\u00a0\u00bbsm-display-none\u00a0\u00bb pofo_hidden_markup_1507721367_2_73=\u00a0\u00bb\u00a0\u00bb display_setting=\u00a0\u00bb1&Prime; offset=\u00a0\u00bbvc_col-md-1 vc_hidden-sm\u00a0\u00bb][\/vc_column][\/vc_row][vc_row full_width=\u00a0\u00bbstretch_row\u00a0\u00bb content_placement=\u00a0\u00bbmiddle\u00a0\u00bb initial_loading_animation=\u00a0\u00bbfadeIn\u00a0\u00bb show_overlay=\u00a0\u00bb1&Prime; pofo_bg_image_type=\u00a0\u00bbcover-background\u00a0\u00bb pofo_enable_responsive_css=\u00a0\u00bb1&Prime; pofo_hidden_markup_1507194183_2_68=\u00a0\u00bb\u00a0\u00bb pofo_hidden_markup_1507194003_2_83=\u00a0\u00bb\u00a0\u00bb pofo_hidden_markup_1507185298_2_77=\u00a0\u00bb\u00a0\u00bb css=\u00a0\u00bb.vc_custom_1550667375072{padding-top: 80px !important;padding-bottom: 80px !important;background-image: url(http:\/\/montarlot-elevage-visons.fr\/wp-content\/uploads\/2017\/08\/actu.jpg?id=20848) !important;}\u00a0\u00bb responsive_css=\u00a0\u00bbpadding_top_tablet:40px|padding_bottom_tablet:40px|padding_top_mobile:25px|padding_bottom_mobile:25px\u00a0\u00bb][vc_column width=\u00a0\u00bb1\/1&Prime; desktop_alignment=\u00a0\u00bbtext-center\u00a0\u00bb alignment_setting=\u00a0\u00bb1&Prime; offset=\u00a0\u00bbvc_col-md-12&Prime;][pofo_section_heading pofo_heading_type=\u00a0\u00bbheading-style3&Prime; heading_preview_image=\u00a0\u00bbheading-style3&Prime; pofo_enable_responsive_css=\u00a0\u00bb1&Prime; pofo_hidden_markup_1507185298_2_69=\u00a0\u00bb\u00a0\u00bb pofo_hidden_markup_1499249022_2_60=\u00a0\u00bb\u00a0\u00bb pofo_hidden_markup_1499246331_2_27=\u00a0\u00bb\u00a0\u00bb pofo_hidden_markup_1499246233_2_58=\u00a0\u00bb\u00a0\u00bb pofo_hidden_markup_1499246087_2_49=\u00a0\u00bb\u00a0\u00bb pofo_heading=\u00a0\u00bbAIDEZ NOUS A COMBATTRE CET ELEVAGE DE LA MORT\u00a0\u00bb pofo_title_color=\u00a0\u00bb#ffffff\u00a0\u00bb css=\u00a0\u00bb.vc_custom_1550667114072{margin-right: 30px !important;margin-bottom: 0px !important;}\u00a0\u00bb responsive_css=\u00a0\u00bbmargin_bottom_mobile:15px|width_mobile:100%25&Prime; class=\u00a0\u00bbvertical-align-middle\u00a0\u00bb][pofo_button pofo_button_style=\u00a0\u00bbstyle8&Prime; pofo_button_preview_image=\u00a0\u00bbstyle8&Prime; pofo_button_type=\u00a0\u00bbextra-large\u00a0\u00bb pofo_enable_icon=\u00a0\u00bb1&Prime; pofo_button_icon=\u00a0\u00bbfas fa-arrow-circle-right\u00a0\u00bb pofo_button_text=\u00a0\u00bburl:http%3A%2F%2Fwww.helloasso.com%2Fassociations%2Fcombactive%2Fformulaires%2F1|title:FAITES%20UN%20DON|target:%20_blank|\u00a0\u00bb][\/vc_column][\/vc_row]<\/p>\n","protected":false},"excerpt":{"rendered":"<p>[vc_row initial_loading_animation=\u00a0\u00bbfadeIn\u00a0\u00bb pofo_hidden_markup_1507721367_2_48=\u00a0\u00bb\u00a0\u00bb css=\u00a0\u00bb.vc_custom_1507721384063{padding-top: 0px !important;padding-bottom: 0px !important;}\u00a0\u00bb][vc_column ipad_display=\u00a0\u00bbsm-display-none\u00a0\u00bb pofo_hidden_markup_1507721367_2_73=\u00a0\u00bb\u00a0\u00bb display_setting=\u00a0\u00bb1&Prime; offset=\u00a0\u00bbvc_col-md-1 vc_hidden-sm\u00a0\u00bb][\/vc_column][vc_column width=\u00a0\u00bb1\/1&Prime; desktop_alignment=\u00a0\u00bbtext-center\u00a0\u00bb desktop_mini_alignment=\u00a0\u00bbmd-text-center\u00a0\u00bb alignment_setting=\u00a0\u00bb1&Prime; offset=\u00a0\u00bbvc_col-md-10 vc_col-xs-12&Prime;][vc_column_text] Vendredi 6 octobre 2017, une terrible d\u00e9ception quand nous avons appris le r\u00e9sultat des votes des membres du CODERST (10 \u00ab pour \u00bb et 4 \u00ab contre \u00bb, donnant leur aval pour l\u2019extension de l\u2019\u00e9levage. Au-del\u00e0<a class=\"wp-block-latest-posts__read-more\" href=\"https:\/\/combactive.fr\/?p=9616\"> Voir plus +<\/a><\/p>\n","protected":false},"author":3,"featured_media":24894,"comment_status":"open","ping_status":"open","sticky":false,"template":"","format":"image","meta":{"_acf_changed":false,"footnotes":""},"categories":[38],"tags":[],"class_list":["post-9616","post","type-post","status-publish","format-image","has-post-thumbnail","hentry","category-actualites","post_format-post-format-image"],"acf":[],"_links":{"self":[{"href":"https:\/\/combactive.fr\/index.php?rest_route=\/wp\/v2\/posts\/9616","targetHints":{"allow":["GET"]}}],"collection":[{"href":"https:\/\/combactive.fr\/index.php?rest_route=\/wp\/v2\/posts"}],"about":[{"href":"https:\/\/combactive.fr\/index.php?rest_route=\/wp\/v2\/types\/post"}],"author":[{"embeddable":true,"href":"https:\/\/combactive.fr\/index.php?rest_route=\/wp\/v2\/users\/3"}],"replies":[{"embeddable":true,"href":"https:\/\/combactive.fr\/index.php?rest_route=%2Fwp%2Fv2%2Fcomments&post=9616"}],"version-history":[{"count":0,"href":"https:\/\/combactive.fr\/index.php?rest_route=\/wp\/v2\/posts\/9616\/revisions"}],"wp:featuredmedia":[{"embeddable":true,"href":"https:\/\/combactive.fr\/index.php?rest_route=\/wp\/v2\/media\/24894"}],"wp:attachment":[{"href":"https:\/\/combactive.fr\/index.php?rest_route=%2Fwp%2Fv2%2Fmedia&parent=9616"}],"wp:term":[{"taxonomy":"category","embeddable":true,"href":"https:\/\/combactive.fr\/index.php?rest_route=%2Fwp%2Fv2%2Fcategories&post=9616"},{"taxonomy":"post_tag","embeddable":true,"href":"https:\/\/combactive.fr\/index.php?rest_route=%2Fwp%2Fv2%2Ftags&post=9616"}],"curies":[{"name":"wp","href":"https:\/\/api.w.org\/{rel}","templated":true}]}}